{"id":959,"date":"2025-07-17T09:50:33","date_gmt":"2025-07-17T07:50:33","guid":{"rendered":"https:\/\/start-rhein-neckar.com\/?p=959"},"modified":"2025-11-20T09:16:08","modified_gmt":"2025-11-20T08:16:08","slug":"steuern-und-versicherung","status":"publish","type":"post","link":"https:\/\/start-rhein-neckar.com\/steuern-und-versicherung\/","title":{"rendered":"Steuern &#038; Versicherung"},"content":{"rendered":"<section class=\"l-section wpb_row us_custom_ae4f0397 height_custom with_img\"><div class=\"l-section-img\" role=\"img\" aria-label=\"Bild\" data-img-width=\"1440\" data-img-height=\"810\" style=\"background-image: url(https:\/\/start-rhein-neckar.com\/wp-content\/uploads\/2025\/07\/start-rhein-neckar-steuerung-und-versicherung-01.jpg);background-size: auto;\"><\/div><div class=\"l-section-overlay\" style=\"background:rgba(31,53,79,0.16)\"><\/div><div class=\"l-section-h i-cf\"><div class=\"g-cols vc_row via_grid cols_1 laptops-cols_inherit tablets-cols_inherit mobiles-cols_1 valign_top type_default stacking_default\"><div class=\"wpb_column vc_column_container\"><div class=\"vc_column-inner\"><\/div><\/div><\/div><\/div><\/section><section class=\"l-section wpb_row us_custom_de00a891 hide_on_tablets hide_on_mobiles height_small width_custom type_sticky\" style=\"--site-content-width:1330px;\"><div class=\"l-section-h i-cf\"><div class=\"g-cols vc_row via_grid cols_1 laptops-cols_inherit tablets-cols_inherit mobiles-cols_1 valign_middle type_default stacking_default\"><div class=\"wpb_column vc_column_container\"><div class=\"vc_column-inner\"><nav class=\"w-menu us_custom_fcf949fd has_text_color layout_hor style_blocks us_menu_1\" style=\"--main-gap:0.3rem;--main-ver-indent:0.1em;--main-hor-indent:0.8em;--main-bg-color:var(--color-header-transparent-bg);--main-color:var(--color-secondary);--main-hover-bg-color:var(--color-header-transparent-bg);--main-hover-color:var(--color-background);\"><ul id=\"menu-submenue-informationen\" class=\"menu\"><li id=\"menu-item-1240\" class=\"menu-item menu-item-type-post_type menu-item-object-post menu-item-1240\"><a href=\"https:\/\/start-rhein-neckar.com\/businessplan-business-model-canvas\/\">Businessplan &#038; Business Model Canvas<\/a><\/li><li id=\"menu-item-1241\" class=\"menu-item menu-item-type-post_type menu-item-object-post menu-item-1241\"><a href=\"https:\/\/start-rhein-neckar.com\/gruendungsform-rechtliches\/\">Gr\u00fcndungsform &#038; Rechtliches<\/a><\/li><li id=\"menu-item-1242\" class=\"menu-item menu-item-type-post_type menu-item-object-post menu-item-1242\"><a href=\"https:\/\/start-rhein-neckar.com\/finanzierung-und-foerderung\/\">Finanzierung &#038; F\u00f6rderung<\/a><\/li><li id=\"menu-item-1243\" class=\"menu-item menu-item-type-post_type menu-item-object-post menu-item-1243\"><a href=\"https:\/\/start-rhein-neckar.com\/marketin-und-vertrieb\/\">Marketing &#038; Vertrieb<\/a><\/li><li id=\"menu-item-1244\" class=\"menu-item menu-item-type-post_type menu-item-object-post menu-item-1244\"><a href=\"https:\/\/start-rhein-neckar.com\/steuern-und-versicherung\/\">Steuern &#038; Versicherung<\/a><\/li><li id=\"menu-item-1245\" class=\"menu-item menu-item-type-post_type menu-item-object-post menu-item-1245\"><a href=\"https:\/\/start-rhein-neckar.com\/unternehmensnachfolge\/\">Unternehmensnachfolge<\/a><\/li><li id=\"menu-item-1246\" class=\"menu-item menu-item-type-post_type menu-item-object-post menu-item-1246\"><a href=\"https:\/\/start-rhein-neckar.com\/freie-berufe\/\">Freie Berufe<\/a><\/li><li id=\"menu-item-1247\" class=\"menu-item menu-item-type-post_type menu-item-object-post menu-item-1247\"><a href=\"https:\/\/start-rhein-neckar.com\/zukunftsbranche\/\">Zukunftsbranche<\/a><\/li><\/ul><style>@media ( max-width:600px ){.us_menu_1 .menu{display:block!important}.us_menu_1 .menu>li{margin:0 0 var(--main-gap,0.3rem)!important}}<\/style><\/nav><\/div><\/div><\/div><\/div><\/section><section class=\"l-section wpb_row height_custom\"><div class=\"l-section-h i-cf\"><div class=\"g-cols vc_row via_grid cols_1 laptops-cols_inherit tablets-cols_inherit mobiles-cols_1 valign_top type_default stacking_default\"><div class=\"wpb_column vc_column_container\"><div class=\"vc_column-inner\"><h2 class=\"w-text\"><span class=\"w-text-h\"><span class=\"w-text-value\">Steuern &amp; Versicherung<\/span><\/span><\/h2><div class=\"wpb_text_column\"><div class=\"wpb_wrapper\"><h4>Verpflichtung, Sicherheit und Strategie von Anfang an durchdenken.<\/h4>\n<\/div><\/div><div class=\"w-separator size_medium\"><\/div><div class=\"w-btn-wrapper align_none\"><a class=\"w-btn us-btn-style_1\" href=\"#steuern\"><span class=\"w-btn-label\">Steuern<\/span><\/a><\/div><div class=\"w-btn-wrapper align_none\"><a class=\"w-btn us-btn-style_1\" href=\"#versicherung\"><span class=\"w-btn-label\">Versicherung<\/span><\/a><\/div><\/div><\/div><\/div><\/div><\/section><section class=\"l-section wpb_row height_large\" id=\"steuern\"><div class=\"l-section-h i-cf\"><div class=\"g-cols vc_row via_grid cols_1 laptops-cols_inherit tablets-cols_inherit mobiles-cols_1 valign_top type_default stacking_default\"><div class=\"wpb_column vc_column_container\"><div class=\"vc_column-inner\"><div class=\"g-cols wpb_row via_grid cols_3 laptops-cols_inherit tablets-cols_inherit mobiles-cols_1 valign_top type_default stacking_default\" style=\"--columns-gap:1.5rem;\"><div class=\"wpb_column vc_column_container us_custom_aba29270 has_text_color has_bg_color\"><div class=\"vc_column-inner\"><div class=\"w-separator size_small\"><\/div><div class=\"wpb_text_column us_custom_1e8286f0\"><div class=\"wpb_wrapper\"><h3>Wie wichtig ist Steuer\u00adwissen schon vor der Gr\u00fcndung?<\/h3>\n<p>Sehr wichtig! Denn noch vor dem ersten Verkauf oder Auftrag k\u00f6nnen steuer\u00adliche Entscheidungen viel ausmachen.<br \/>\nZum Beispiel: Wer sich f\u00fcr die Kleinunternehmer\u00adregelung entscheidet, muss keine Umsatzsteuer ausweisen \u2013 das kann Kund:innen ansprechen oder auch abschrecken.<br \/>\nAuch vorab get\u00e4tigte K\u00e4ufe \u2013 wie B\u00fcrom\u00f6bel oder Technik \u2013 k\u00f6nnen als Vorsteuer geltend gemacht werden, sofern Rechnungen korrekt aufbewahrt werden. Daher: von Anfang an gut vorbereitet sein!<\/p>\n<\/div><\/div><\/div><\/div><div class=\"wpb_column vc_column_container us_custom_f958eda3 has_text_color has_bg_color\"><div class=\"vc_column-inner\"><div class=\"w-separator size_small\"><\/div><div class=\"wpb_text_column us_custom_24dde0d6\"><div class=\"wpb_wrapper\"><h3>Welche Steuern fallen \u00fcberhaupt an \u2013 und wann?<\/h3>\n<p>Gr\u00fcnder:innen m\u00fcssen sich fr\u00fch mit Umsatzsteuer, Einkommensteuer und ggf. Gewerbesteuer auseinandersetzen.<br \/>\nMit der Anmeldung beim Finanzamt (\u00fcber den Fragebogen zur steuerlichen Erfassung) erfolgt die Einordnung und Festsetzung erster Vorauszahlungen. Die H\u00f6he basiert auf gesch\u00e4tzten Gewinnen \u2013 und beeinflusst Deine Liquidit\u00e4tsplanung direkt.<br \/>\nAuch die Wahl der Rechtsform (Einzelunternehmen, GbR, UG, GmbH \u2026) hat steuerliche Auswirkungen.<\/p>\n<\/div><\/div><\/div><\/div><div class=\"wpb_column vc_column_container us_custom_f958eda3 has_text_color has_bg_color\"><div class=\"vc_column-inner\"><div class=\"w-separator size_small\"><\/div><div class=\"wpb_text_column us_custom_24dde0d6\"><div class=\"wpb_wrapper\"><h3>Wer hilft mir bei steuerlichen Fragen?<\/h3>\n<p>Das Finanzamt bietet allgemeine Ausk\u00fcnfte \u2013 aber keine tiefgehende Beratung.<br \/>\nHier kommt der oder die Steuerberater:in ins Spiel: Von der Rechtsformwahl, \u00fcber die Einrichtung einer digitalen Buchf\u00fchrung, bis zur Unterst\u00fctzung bei Jahresabschl\u00fcssen und Umsatzsteuervor\u00adanmeldungen \u2013 professionelle Unterst\u00fctzung spart Zeit, Geld und Nerven.<\/p>\n<p>Tipp: Es gibt F\u00f6rderprogramme, die die Steuerberatung in der Gr\u00fcndungsphase bezuschussen.<\/p>\n<\/div><\/div><\/div><\/div><\/div><\/div><\/div><\/div><\/div><\/section><section class=\"l-section wpb_row us_custom_dfc47209 height_large\"><div class=\"l-section-h i-cf\"><div class=\"g-cols vc_row via_grid cols_2 laptops-cols_inherit tablets-cols_inherit mobiles-cols_1 valign_top type_default stacking_default\"><div class=\"wpb_column vc_column_container\"><div class=\"vc_column-inner\"><div class=\"w-video align_none ratio_16x9 has_iframe\"><div class=\"w-video-h\"> <div class=\"brlbs-cmpnt-container brlbs-cmpnt-content-blocker brlbs-cmpnt-with-individual-styles\" data-borlabs-cookie-content-blocker-id=\"youtube-content-blocker\" data-borlabs-cookie-content=\"PGlmcmFtZSB0aXRsZT0iWW91dHViZSB2aWRlbyBwbGF5ZXIiIHNyYz0iLy93d3cueW91dHViZS5jb20vZW1iZWQvZGtzaGhOYTFnYVk\/YXV0b3BsYXk9MCZjb250cm9scz0xJm9yaWdpbj1odHRwczovL3N0YXJ0LXJoZWluLW5lY2thci5jb20mbG9vcD0wJm11dGU9MCIgYWxsb3dmdWxsc2NyZWVuPSIxIiBsb2FkaW5nPSJsYXp5Ij48L2lmcmFtZT4=\"><div class=\"brlbs-cmpnt-cb-preset-c\"> <div class=\"brlbs-cmpnt-cb-thumbnail\" style=\"background-image: url('\/wp-content\/plugins\/borlabs-cookie\/assets\/images\/borlabs-cookie-cb-player.png')\"><\/div> <div class=\"brlbs-cmpnt-cb-main\"> <div class=\"brlbs-cmpnt-cb-play-button\"><\/div> <div class=\"brlbs-cmpnt-cb-content\"> <p class=\"brlbs-cmpnt-cb-description\">Sie sehen gerade einen Platzhalterinhalt von <strong>YouTube<\/strong>. Um auf den eigentlichen Inhalt zuzugreifen, klicken Sie auf den Button unten. Bitte beachten Sie, dass dabei Daten an Drittanbieter weitergegeben werden.<\/p> <a class=\"brlbs-cmpnt-cb-provider-toggle\" href=\"#\" data-borlabs-cookie-show-provider-information role=\"button\">Weitere Informationen<\/a> <\/div> <div class=\"brlbs-cmpnt-cb-buttons\"> <a class=\"brlbs-cmpnt-cb-btn\" href=\"#\" data-borlabs-cookie-unblock role=\"button\">Video laden<\/a> <a class=\"brlbs-cmpnt-cb-btn\" href=\"#\" data-borlabs-cookie-accept-service role=\"button\" style=\"display: inherit\">Videos von YouTube immer entsperren<\/a> <\/div> <\/div> <\/div><\/div><\/div><\/div><div class=\"w-separator size_medium\"><\/div><div class=\"w-separator size_small\"><\/div><div class=\"w-btn-wrapper align_none\"><a class=\"w-btn us-btn-style_1\" target=\"_blank\" href=\"https:\/\/www.existenzgruendungsportal.de\/Navigation\/DE\/Gruendungswissen\/Steuern\/steuern\"><span class=\"w-btn-label\">Mehr erfahren<\/span><\/a><\/div><\/div><\/div><div class=\"wpb_column vc_column_container\"><div class=\"vc_column-inner\"><div class=\"w-vwrapper align_none valign_top\"><h2 class=\"w-text\"><span class=\"w-text-h\"><span class=\"w-text-value\">Steuer\u00fcberblick<\/span><\/span><\/h2><div class=\"w-separator size_small\"><\/div><div class=\"wpb_text_column\"><div class=\"wpb_wrapper\"><p><span>Was ist der Unterschied zwischen pers\u00f6nliche und betriebliche Steuern<\/span><\/p>\n<\/div><\/div><div class=\"w-separator size_small\"><\/div><\/div><div class=\"w-tabs layout_hor style_trendy switch_click has_scrolling\" style=\"--sections-title-size:1em\"><div class=\"w-tabs-list items_2 align_none\"><div class=\"w-tabs-list-h\"><button class=\"w-tabs-item active\" aria-controls=\"content-jcd8\" aria-expanded=\"false\"><span class=\"w-tabs-item-title\">Pers\u00f6nliche Steuern<\/span><\/button><button class=\"w-tabs-item\" aria-controls=\"content-yefc\" aria-expanded=\"false\"><span class=\"w-tabs-item-title\">Betriebliche Steuern<\/span><\/button><\/div><\/div><div class=\"w-tabs-sections titles-align_none icon_chevron cpos_right\"><div class=\"w-tabs-section active\" id=\"jcd8\"><button class=\"w-tabs-section-header active\" aria-controls=\"content-jcd8\" aria-expanded=\"true\"><div class=\"w-tabs-section-title\">Pers\u00f6nliche Steuern<\/div><div class=\"w-tabs-section-control\"><\/div><\/button><div  class=\"w-tabs-section-content\" id=\"content-jcd8\"><div class=\"w-tabs-section-content-h i-cf\"><div class=\"wpb_text_column\"><div class=\"wpb_wrapper\"><p>Pers\u00f6nliche Steuern betreffen Ihre individuelle Steuerpflicht als Gr\u00fcnder:in \u2013 also beispielsweise die Einkommensteuer, die Sie auf Ihren Unternehmensgewinn zahlen, oder die Kirchensteuer, sofern Sie einer Kirche angeh\u00f6ren. Diese Abgaben richten sich nach Ihrem pers\u00f6nlichen Einkommen und sind unabh\u00e4ngig von der Rechtsform Ihres Unternehmens. Als Einzelunternehmer:in tragen Sie die Steuerlast direkt, bei Kapitalgesellschaften wird sie \u00fcber das Gehalt oder die Gewinnaussch\u00fcttung wirksam.<\/p>\n<p>Tipp: Behalte fr\u00fchzeitig den \u00dcberblick \u00fcber Deine privaten Steuern \u2013 plane R\u00fccklagen ein und nutze ggf. die Unterst\u00fctzung durch eine:n Steuerberater:in, um b\u00f6se \u00dcberraschungen beim Jahresabschluss zu vermeiden.<\/p>\n<\/div><\/div><\/div><\/div><\/div><div class=\"w-tabs-section\" id=\"yefc\"><button class=\"w-tabs-section-header\" aria-controls=\"content-yefc\" aria-expanded=\"false\"><div class=\"w-tabs-section-title\">Betriebliche Steuern<\/div><div class=\"w-tabs-section-control\"><\/div><\/button><div  class=\"w-tabs-section-content\" id=\"content-yefc\"><div class=\"w-tabs-section-content-h i-cf\"><div class=\"wpb_text_column\"><div class=\"wpb_wrapper\"><p>Betriebliche Steuern fallen direkt im Zusammenhang mit Ihrer unternehmerischen T\u00e4tigkeit an. Dazu z\u00e4hlen z.\u202fB. Umsatzsteuer, Gewerbesteuer oder bei Kapitalgesellschaften die K\u00f6rperschaftsteuer. Diese Steuern sind an Meldefristen und Zahlungsverpflichtungen gebunden und m\u00fcssen regelm\u00e4\u00dfig ans Finanzamt abgef\u00fchrt werden. Sie sind ein zentrales Thema bei der Finanzplanung und sollten von Anfang an strukturiert gehandhabt werden.<\/p>\n<p>Tipp: Verwende ein digitales Buchhaltungs- oder Steuerprogramm \u2013 viele L\u00f6sungen helfen Dir automatisch, betriebliche Steuern korrekt zu erfassen, Fristen im Blick zu behalten und Dokumente sauber abzulegen.<\/p>\n<\/div><\/div><\/div><\/div><\/div><\/div><\/div><\/div><\/div><\/div><\/div><\/section><section class=\"l-section wpb_row height_custom\"><div class=\"l-section-h i-cf\"><div class=\"g-cols vc_row via_grid cols_1 laptops-cols_inherit tablets-cols_inherit mobiles-cols_1 valign_top type_default stacking_default\"><div class=\"wpb_column vc_column_container\"><div class=\"vc_column-inner\"><div class=\"g-cols wpb_row us_custom_c8af6cf6 hide_on_tablets hide_on_mobiles via_grid cols_3 laptops-cols_inherit tablets-cols_inherit mobiles-cols_1 valign_top type_default stacking_default\" style=\"--columns-gap:3rem;--laptops-columns-gap:3rem;--tablets-columns-gap:1.5rem;--mobiles-columns-gap:1.5rem;\"><div class=\"wpb_column vc_column_container\"><div class=\"vc_column-inner\"><h4 class=\"w-text\"><span class=\"w-text-h\"><span class=\"w-text-value\">Steuerart<\/span><\/span><\/h4><\/div><\/div><div class=\"wpb_column vc_column_container\"><div class=\"vc_column-inner\"><h4 class=\"w-text\"><span class=\"w-text-h\"><span class=\"w-text-value\">Wer?<\/span><\/span><\/h4><\/div><\/div><div class=\"wpb_column vc_column_container\"><div class=\"vc_column-inner\"><h4 class=\"w-text\"><span class=\"w-text-h\"><span class=\"w-text-value\">Wann?<\/span><\/span><\/h4><\/div><\/div><\/div><div class=\"g-cols wpb_row us_custom_73c3401d via_grid cols_3 laptops-cols_inherit tablets-cols_inherit mobiles-cols_1 valign_top type_default stacking_default\" style=\"--columns-gap:3rem;--laptops-columns-gap:3rem;--tablets-columns-gap:1.5rem;--mobiles-columns-gap:1.5rem;\"><div class=\"wpb_column vc_column_container\"><div class=\"vc_column-inner\"><div class=\"w-text us_custom_4070942d\"><span class=\"w-text-h\"><span class=\"w-text-value\">Umsatzsteuer (USt)<\/span><\/span><\/div><\/div><\/div><div class=\"wpb_column vc_column_container\"><div class=\"vc_column-inner\"><div class=\"wpb_text_column\"><div class=\"wpb_wrapper\"><p>Wer selbstst\u00e4ndig t\u00e4tig ist und f\u00fcr seine Leistungen oder Lieferungen Geld verlangt (ab einem Jahresumsatz von 25.000\u20ac ), muss daf\u00fcr Umsatzsteuer berechnen.<\/p>\n<\/div><\/div><\/div><\/div><div class=\"wpb_column vc_column_container\"><div class=\"vc_column-inner\"><div class=\"wpb_text_column\"><div class=\"wpb_wrapper\"><p>i.d.R. zum 10. des Folgemonats nach einem Vorauszahlungszeitraum (Monat oder Quartal); die Frist f\u00fcr die Abgabe der Umsatzsteuer-Voranmeldungen und f\u00fcr die Entrichtung der Umsatzsteuer-Vorauszahlungen kann auf Antrag um einen Monat verl\u00e4ngert werden (hier erfahren Sie mehr).<\/p>\n<\/div><\/div><\/div><\/div><\/div><div class=\"g-cols wpb_row us_custom_e65b7396 via_grid cols_3 laptops-cols_inherit tablets-cols_inherit mobiles-cols_1 valign_top type_default stacking_default\" style=\"--columns-gap:3rem;--laptops-columns-gap:3rem;--tablets-columns-gap:1.5rem;--mobiles-columns-gap:1.5rem;\"><div class=\"wpb_column vc_column_container\"><div class=\"vc_column-inner\"><div class=\"w-text us_custom_4070942d\"><span class=\"w-text-h\"><span class=\"w-text-value\">Einkommensteuer (ESt)<\/span><\/span><\/div><\/div><\/div><div class=\"wpb_column vc_column_container\"><div class=\"vc_column-inner\"><div class=\"wpb_text_column\"><div class=\"wpb_wrapper\"><p>Unternehmerinnen und Unternehmer (nat\u00fcrliche Personen)<span class=\"Apple-tab-span\"> <\/span><\/p>\n<\/div><\/div><\/div><\/div><div class=\"wpb_column vc_column_container\"><div class=\"vc_column-inner\"><div class=\"wpb_text_column\"><div class=\"wpb_wrapper\"><p>viertelj\u00e4hrliche Vorauszahlung;<br \/>\nSteuererkl\u00e4rung nach Ablauf des Kalenderjahres<\/p>\n<\/div><\/div><\/div><\/div><\/div><div class=\"g-cols wpb_row us_custom_73c3401d via_grid cols_3 laptops-cols_inherit tablets-cols_inherit mobiles-cols_1 valign_top type_default stacking_default\" style=\"--columns-gap:3rem;--laptops-columns-gap:3rem;--tablets-columns-gap:1.5rem;--mobiles-columns-gap:1.5rem;\"><div class=\"wpb_column vc_column_container\"><div class=\"vc_column-inner\"><div class=\"w-text us_custom_4070942d\"><span class=\"w-text-h\"><span class=\"w-text-value\">K\u00f6rperschaftsteuer (KSt)<\/span><\/span><\/div><\/div><\/div><div class=\"wpb_column vc_column_container\"><div class=\"vc_column-inner\"><div class=\"wpb_text_column\"><div class=\"wpb_wrapper\"><p>GmbH, UG (haftungsbeschr\u00e4nkt), AG, Genossenschaft<span class=\"Apple-tab-span\"> <\/span><\/p>\n<\/div><\/div><\/div><\/div><div class=\"wpb_column vc_column_container\"><div class=\"vc_column-inner\"><div class=\"wpb_text_column\"><div class=\"wpb_wrapper\"><p>viertelj\u00e4hrliche Vorauszahlung; Steuererkl\u00e4rung nach Ablauf des Kalenderjahres<\/p>\n<\/div><\/div><\/div><\/div><\/div><div class=\"g-cols wpb_row us_custom_e65b7396 via_grid cols_3 laptops-cols_inherit tablets-cols_inherit mobiles-cols_1 valign_top type_default stacking_default\" style=\"--columns-gap:3rem;--laptops-columns-gap:3rem;--tablets-columns-gap:1.5rem;--mobiles-columns-gap:1.5rem;\"><div class=\"wpb_column vc_column_container\"><div class=\"vc_column-inner\"><div class=\"w-text us_custom_4070942d\"><span class=\"w-text-h\"><span class=\"w-text-value\">Gewerbesteuer (GewSt)<\/span><\/span><\/div><\/div><\/div><div class=\"wpb_column vc_column_container\"><div class=\"vc_column-inner\"><div class=\"wpb_text_column\"><div class=\"wpb_wrapper\"><p>alle Gewerbetreibende aus Industrie, Handel, Handwerk, Dienstleistungen (ausgenommen: Freie Berufe und Landwirtschaft)<span class=\"Apple-tab-span\"> <\/span><\/p>\n<\/div><\/div><\/div><\/div><div class=\"wpb_column vc_column_container\"><div class=\"vc_column-inner\"><div class=\"wpb_text_column\"><div class=\"wpb_wrapper\"><p>viertelj\u00e4hrliche Vorauszahlung; Steuererkl\u00e4rung nach Ablauf des Kalenderjahres<\/p>\n<\/div><\/div><\/div><\/div><\/div><div class=\"g-cols wpb_row us_custom_73c3401d via_grid cols_3 laptops-cols_inherit tablets-cols_inherit mobiles-cols_1 valign_top type_default stacking_default\" style=\"--columns-gap:3rem;--laptops-columns-gap:3rem;--tablets-columns-gap:1.5rem;--mobiles-columns-gap:1.5rem;\"><div class=\"wpb_column vc_column_container\"><div class=\"vc_column-inner\"><div class=\"w-text us_custom_4070942d\"><span class=\"w-text-h\"><span class=\"w-text-value\">Kirchensteuer (KiSt)<\/span><\/span><\/div><\/div><\/div><div class=\"wpb_column vc_column_container\"><div class=\"vc_column-inner\"><div class=\"wpb_text_column\"><div class=\"wpb_wrapper\"><p>erwerbst\u00e4tige Angeh\u00f6rige der evangelischen oder katholischen Kirche<\/p>\n<\/div><\/div><\/div><\/div><div class=\"wpb_column vc_column_container\"><div class=\"vc_column-inner\"><div class=\"wpb_text_column\"><div class=\"wpb_wrapper\"><p>viertelj\u00e4hrliche Vorauszahlung; Steuererkl\u00e4rung nach Ablauf des Kalenderjahres<\/p>\n<\/div><\/div><\/div><\/div><\/div><div class=\"g-cols wpb_row us_custom_e65b7396 via_grid cols_3 laptops-cols_inherit tablets-cols_inherit mobiles-cols_1 valign_top type_default stacking_default\" style=\"--columns-gap:3rem;--laptops-columns-gap:3rem;--tablets-columns-gap:1.5rem;--mobiles-columns-gap:1.5rem;\"><div class=\"wpb_column vc_column_container\"><div class=\"vc_column-inner\"><div class=\"w-text us_custom_4070942d\"><span class=\"w-text-h\"><span class=\"w-text-value\">Vorsteuer abziehen<\/span><\/span><\/div><\/div><\/div><div class=\"wpb_column vc_column_container\"><div class=\"vc_column-inner\"><div class=\"wpb_text_column\"><div class=\"wpb_wrapper\"><p>Jede umsatzsteuerpflichtige Unternehmerin bzw. jeder umsatzsteuerpflichtige Unternehmer (Ausnahmen: z.B. \u00c4rztinnen und \u00c4rzte, Physiotherapeutinnen und Physiotherapeuten und Anwender der Kleinunternehmerregelung nach \u00a7 19 UStG)<\/p>\n<\/div><\/div><\/div><\/div><div class=\"wpb_column vc_column_container\"><div class=\"vc_column-inner\"><div class=\"wpb_text_column\"><div class=\"wpb_wrapper\"><p>bei Entrichtung der Umsatzsteuer (s.o.)<\/p>\n<\/div><\/div><\/div><\/div><\/div><div class=\"g-cols wpb_row us_custom_73c3401d via_grid cols_3 laptops-cols_inherit tablets-cols_inherit mobiles-cols_1 valign_top type_default stacking_default\" style=\"--columns-gap:3rem;--laptops-columns-gap:3rem;--tablets-columns-gap:1.5rem;--mobiles-columns-gap:1.5rem;\"><div class=\"wpb_column vc_column_container\"><div class=\"vc_column-inner\"><div class=\"w-text us_custom_4070942d\"><span class=\"w-text-h\"><span class=\"w-text-value\">Lohnsteuer (LSt)<\/span><\/span><\/div><\/div><\/div><div class=\"wpb_column vc_column_container\"><div class=\"vc_column-inner\"><div class=\"wpb_text_column\"><div class=\"wpb_wrapper\"><p>Die Lohnsteuer ist keine Steuer eigener Art, sondern eine Art der Einkommensteuer; Rechtsgrundlage ist das Einkommensteuergesetz (EStG). Der Arbeitgeber hat die Lohnsteuer bei jeder Lohnzahlung einzubehalten, unabh\u00e4ngig davon, ob der Arbeitnehmer zur Einkommensteuer veranlagt wird oder nicht.<\/p>\n<\/div><\/div><\/div><\/div><div class=\"wpb_column vc_column_container\"><div class=\"vc_column-inner\"><div class=\"wpb_text_column\"><div class=\"wpb_wrapper\"><p>je nach Zeitraum der Lohnzahlung (w\u00f6chentlich, monatlich)<\/p>\n<\/div><\/div><\/div><\/div><\/div><\/div><\/div><\/div><\/div><\/section><section class=\"l-section wpb_row hide_on_tablets hide_on_mobiles height_small\"><div class=\"l-section-h i-cf\"><div class=\"g-cols vc_row via_grid cols_1 laptops-cols_inherit tablets-cols_inherit mobiles-cols_1 valign_top type_default stacking_default\"><div class=\"wpb_column vc_column_container\"><div class=\"vc_column-inner\"><div class=\"w-btn-wrapper align_left\"><a class=\"w-btn us-btn-style_1\" target=\"_blank\" href=\"https:\/\/www.existenzgruendungsportal.de\/Navigation\/DE\/Gruendungswissen\/Steuern\/steuern\"><span class=\"w-btn-label\">Mehr erfahren<\/span><\/a><\/div><div class=\"w-separator size_medium\"><\/div><\/div><\/div><\/div><\/div><\/section><section class=\"l-section wpb_row height_large\" id=\"versicherung\"><div class=\"l-section-h i-cf\"><div class=\"g-cols vc_row via_grid cols_1 laptops-cols_inherit tablets-cols_inherit mobiles-cols_1 valign_middle type_default stacking_default\"><div class=\"wpb_column vc_column_container\"><div class=\"vc_column-inner\"><div class=\"g-cols wpb_row via_grid cols_3 laptops-cols_inherit tablets-cols_inherit mobiles-cols_1 valign_top type_default stacking_default\" style=\"--columns-gap:1.5rem;\"><div class=\"wpb_column vc_column_container us_custom_f53575b6 has_text_color has_bg_color\"><div class=\"vc_column-inner\"><div class=\"w-separator size_small\"><\/div><div class=\"wpb_text_column us_custom_6ff9f29e has_text_color\"><div class=\"wpb_wrapper\"><h4>Pers\u00f6nliche Absicherung \u2013 Deine Basis f\u00fcr Sicherheit<\/h4>\n<p>Krankenversicherung:<br \/>\nAls Selbstst\u00e4ndige:r w\u00e4hlst Du zwischen gesetzlicher und privater Krankenversicherung. Beide Modelle haben Vor- und Nachteile \u2013 Beratung ist hier entscheidend.<\/p>\n<p>Berufsunf\u00e4higkeits\u00adversicherung:<br \/>\nWenn Du durch Krankheit oder Unfall dauerhaft nicht arbeiten k\u00f6nntest, sch\u00fctzt eine BU-Versicherung Deine Existenz mit einer monatlichen Rente.<\/p>\n<p>Freiwillige Arbeitslosen\u00adversicherung:<br \/>\nInnerhalb von drei Monaten nach Gr\u00fcndungsstart kannst Du dich bei der Agentur f\u00fcr Arbeit freiwillig absichern \u2013 eine wichtige Option bei unsicherem Gesch\u00e4ftsverlauf.<\/p>\n<p>Tipp f\u00fcr Kreative:<br \/>\nDie K\u00fcnstlersozialkasse bietet verg\u00fcnstigten Zugang zur Renten-, Kranken- und Pflegeversicherung f\u00fcr selbstst\u00e4ndige K\u00fcnstler:innen und Publizist:innen.<\/p>\n<\/div><\/div><\/div><\/div><div class=\"wpb_column vc_column_container us_custom_bc9b986f has_text_color has_bg_color\"><div class=\"vc_column-inner\"><div class=\"w-separator size_small\"><\/div><div class=\"wpb_text_column us_custom_55a694b8 has_text_color\"><div class=\"wpb_wrapper\"><h4>Betriebliche Versicherungen \u2013 Schutz f\u00fcr Dein Unternehmen<\/h4>\n<p>Betriebshaftpflicht &amp; Berufshaftpflicht:<br \/>\nUnverzichtbar bei Dienstleistungen oder Publikumsverkehr \u2013 diese Versicherungen sch\u00fctzen bei Personen- oder Sachsch\u00e4den.<\/p>\n<p>Sach- &amp; Inhaltsversicherung:<br \/>\nSch\u00fctze Deine Ausstattung (Technik, Mobiliar, Lager) vor Risiken wie Feuer, Diebstahl oder Wasser.<\/p>\n<p>Rechtsschutzversicherung:<br \/>\nOb Vertragsstreit oder Mahnverfahren \u2013 mit einer betrieblichen Rechtsschutzversicherung bleibst Du handlungsf\u00e4hig.<\/p>\n<p>Unfallversicherung:<br \/>\nDie gesetzliche Unfallversicherung wird \u00fcber die zust\u00e4ndige Berufsgenossenschaft abgewickelt und ist f\u00fcr viele Branchen Pflicht.<\/p>\n<\/div><\/div><\/div><\/div><div class=\"wpb_column vc_column_container us_custom_bc9b986f has_text_color has_bg_color\"><div class=\"vc_column-inner\"><div class=\"w-separator size_small\"><\/div><div class=\"wpb_text_column us_custom_3d785b37 has_text_color\"><div class=\"wpb_wrapper\"><h4>Branchen- oder berufsspezifisch: Was sonst noch wichtig ist<\/h4>\n<p>Berufsst\u00e4ndische Versorgungswerke:<br \/>\nPflicht f\u00fcr bestimmte freie Berufe wie Anw\u00e4lt:innen, \u00c4rzt:innen oder Architekt:innen. Sie ersetzen in diesen F\u00e4llen die gesetzliche Rentenversicherung.<\/p>\n<p>Versicherungsbedarf richtig einsch\u00e4tzen:<br \/>\nNicht jede Versicherung ist in jeder Branche gleich wichtig. Holen Sie sich professionelle Beratung bei Gr\u00fcndungszentren, Versicherungsfachleuten oder \u00fcber Ihre IHK \u2013 etwa bei einem kostenfreien Erstgespr\u00e4ch.<\/p>\n<\/div><\/div><\/div><\/div><\/div><\/div><\/div><\/div><\/div><\/section><section class=\"l-section wpb_row us_custom_dfc47209 height_large\"><div class=\"l-section-h i-cf\"><div class=\"g-cols vc_row via_grid cols_3 laptops-cols_inherit tablets-cols_inherit mobiles-cols_1 valign_top type_default stacking_default\"><div class=\"wpb_column vc_column_container\"><div class=\"vc_column-inner\"><div class=\"w-vwrapper align_none valign_top\"><h3 class=\"w-text\"><span class=\"w-text-h\"><span class=\"w-text-value\">Versicherungen<\/span><\/span><\/h3><\/div><div class=\"w-vwrapper align_none valign_top\"><div class=\"w-separator size_medium\"><\/div><\/div><div class=\"w-text\"><span class=\"w-text-h\"><span class=\"w-text-value\">Wie erstelle ich einen Businessplan? Weiterf\u00fchrende Informationen f\u00fcr:<\/span><\/span><\/div><div class=\"w-separator size_small\"><\/div><div class=\"w-hwrapper valign_top align_none\"><div class=\"w-btn-wrapper align_left\"><a class=\"w-btn us-btn-style_2 us_custom_1f257949\" target=\"_blank\" href=\"https:\/\/www.ihk.de\/rhein-neckar\/gruendung\/existenzgruendung\/basisinformationen\/versicherungen\/versicherungsfragen-existenzgruendung-939320\"><span class=\"w-btn-label\">Versicherungsschutz f\u00fcr Unternehmen<\/span><\/a><\/div><\/div><div class=\"w-btn-wrapper align_left\"><a class=\"w-btn us-btn-style_2 us_custom_1f257949\" target=\"_blank\" href=\"https:\/\/www.ihk.de\/rhein-neckar\/gruendung\/existenzgruendung\/basisinformationen\/versicherungen\"><span class=\"w-btn-label\">Versicherungen f\u00fcr Existenzgr\u00fcndenden<\/span><\/a><\/div><div class=\"w-btn-wrapper align_left\"><a class=\"w-btn us-btn-style_2 us_custom_1f257949\" target=\"_blank\" href=\"https:\/\/www.deutsche-rentenversicherung.de\/DRV\/DE\/Beratung-und-Kontakt\/Beratung-suchen-und-buchen\/beratung-suchen-und-buchen_node.html\"><span class=\"w-btn-label\">Deutsche Rentenversicherung<\/span><\/a><\/div><div class=\"w-separator size_medium\"><\/div><\/div><\/div><div class=\"wpb_column vc_column_container\"><div class=\"vc_column-inner\"><h3 class=\"w-text\"><span class=\"w-text-h\"><span class=\"w-text-value\">Steuern steuern<\/span><\/span><\/h3><div class=\"w-separator size_small\"><\/div><div class=\"w-vwrapper align_none valign_top\"><div class=\"w-hwrapper valign_top align_none\"><div class=\"w-btn-wrapper align_left\"><a class=\"w-btn us-btn-style_2 us_custom_1f257949\" target=\"_blank\" href=\"https:\/\/www.ihk.de\/rhein-neckar\/gruendung\/existenzgruendung\/basisinformationen\/unternehmenssteuern-3110172\"><span class=\"w-btn-label\">Existenzgr\u00fcnder und Unternehmenssteuer<\/span><\/a><\/div><\/div><\/div><div class=\"w-separator size_medium\"><\/div><h5 class=\"w-text\"><span class=\"w-text-h\"><span class=\"w-text-value\">Maria Cristina Tarr\u00fas de Veh\u00ed<\/span><\/span><\/h5><div class=\"w-text\"><span class=\"w-text-h\"><span class=\"w-text-value\">Ansprechpartnerin IHK Rhein-Neckar<\/span><\/span><\/div><div class=\"w-separator size_small\"><\/div><div class=\"w-btn-wrapper align_none\"><a class=\"w-btn us-btn-style_2 us_custom_1f257949\" target=\"_blank\" href=\"https:\/\/www.ihk.de\/rhein-neckar\/recht\/steuerrecht\/steuern-gruender\/pflichtangaben-rechnungen-938878\"><span class=\"w-btn-label\">Pflichtangaben in Rechnungen<\/span><\/a><\/div><div class=\"w-hwrapper valign_top align_none\"><div class=\"w-iconbox us_custom_1f257949 iconpos_top style_default color_primary align_center no_text no_title\"><div class=\"w-iconbox-icon\" style=\"font-size:2rem;\"><i class=\"fal fa-phone\"><\/i><\/div><div class=\"w-iconbox-meta\"><\/div><\/div><div class=\"w-text\"><span class=\"w-text-h\"><span class=\"w-text-value\">+49 (0) 621 1709-351<\/span><\/span><\/div><\/div><div class=\"w-hwrapper valign_top align_none\"><div class=\"w-iconbox iconpos_top style_default color_primary align_center no_text no_title\"><div class=\"w-iconbox-icon\" style=\"font-size:2rem;\"><i class=\"fal fa-envelope\"><\/i><\/div><div class=\"w-iconbox-meta\"><\/div><\/div><div class=\"w-text\"><a target=\"_blank\" href=\" mailto:mariacristina.tarrus@rhein-neckar.ihk24.de\" class=\"w-text-h\"><span class=\"w-text-value\">mariacristina.tarrus@rhein-neckar.ihk24.de<\/span><\/a><\/div><\/div><\/div><\/div><div class=\"wpb_column vc_column_container\"><div class=\"vc_column-inner\"><div class=\"w-vwrapper align_none valign_top\"><h3 class=\"w-text\" id=\"kontakte-business\"><span class=\"w-text-h\"><span class=\"w-text-value\">Kontakte<\/span><\/span><\/h3><div class=\"w-separator size_small\"><\/div><h5 class=\"w-text\"><span class=\"w-text-h\"><span class=\"w-text-value\">Startercenter der IHK Rhein-Neckar<\/span><\/span><\/h5><div class=\"w-hwrapper valign_top align_none\"><div class=\"w-iconbox us_custom_1f257949 iconpos_top style_default color_primary align_center no_text no_title\"><div class=\"w-iconbox-icon\" style=\"font-size:2rem;\"><i class=\"fal fa-phone\"><\/i><\/div><div class=\"w-iconbox-meta\"><\/div><\/div><div class=\"w-text\"><span class=\"w-text-h\"><span class=\"w-text-value\">+49 (0) 6221 9017-688<\/span><\/span><\/div><\/div><div class=\"w-hwrapper valign_top align_none\"><div class=\"w-iconbox iconpos_top style_default color_primary align_center no_text no_title\"><div class=\"w-iconbox-icon\" style=\"font-size:2rem;\"><i class=\"fal fa-envelope\"><\/i><\/div><div class=\"w-iconbox-meta\"><\/div><\/div><div class=\"w-text\"><a target=\"_blank\" href=\" mailto:startercenter@rhein-neckar.ihk24.de\" class=\"w-text-h\"><span class=\"w-text-value\">startercenter@rhein-neckar.ihk24.de<\/span><\/a><\/div><\/div><div class=\"w-separator size_small\"><\/div><h5 class=\"w-text\"><span class=\"w-text-h\"><span class=\"w-text-value\">IHK\/HWK-Starterzentren Rheinland-Pfalz<\/span><\/span><\/h5><div class=\"w-hwrapper valign_top align_none\"><div class=\"w-iconbox us_custom_1f257949 iconpos_top style_default color_primary align_center no_text no_title\"><div class=\"w-iconbox-icon\" style=\"font-size:2rem;\"><i class=\"fal fa-phone\"><\/i><\/div><div class=\"w-iconbox-meta\"><\/div><\/div><div class=\"w-text\"><span class=\"w-text-h\"><span class=\"w-text-value\">+49 (0) 621 5904-0<\/span><\/span><\/div><\/div><div class=\"w-hwrapper valign_top align_none\"><div class=\"w-iconbox iconpos_top style_default color_primary align_center no_text no_title\"><div class=\"w-iconbox-icon\" style=\"font-size:2rem;\"><i class=\"fal fa-envelope\"><\/i><\/div><div class=\"w-iconbox-meta\"><\/div><\/div><div class=\"w-text\"><a target=\"_blank\" href=\" mailto:service@pfalz.ihk24.de\" class=\"w-text-h\"><span class=\"w-text-value\">service@pfalz.ihk24.de<\/span><\/a><\/div><\/div><\/div><div class=\"w-separator size_small\"><\/div><div class=\"w-separator size_small\"><\/div><h5 class=\"w-text\"><span class=\"w-text-h\"><span class=\"w-text-value\">IHK Darmstadt Rhein Main Neckar<\/span><\/span><\/h5><div class=\"w-hwrapper valign_top align_none\"><div class=\"w-iconbox us_custom_1f257949 iconpos_top style_default color_primary align_center no_text no_title\"><div class=\"w-iconbox-icon\" style=\"font-size:2rem;\"><i class=\"fal fa-phone\"><\/i><\/div><div class=\"w-iconbox-meta\"><\/div><\/div><div class=\"w-text\"><span class=\"w-text-h\"><span class=\"w-text-value\">+49 (0) 6151 871-0<\/span><\/span><\/div><\/div><div class=\"w-hwrapper valign_top align_none\"><div class=\"w-iconbox iconpos_top style_default color_primary align_center no_text no_title\"><div class=\"w-iconbox-icon\" style=\"font-size:2rem;\"><i class=\"fal fa-envelope\"><\/i><\/div><div class=\"w-iconbox-meta\"><\/div><\/div><div class=\"w-text\"><a target=\"_blank\" href=\" mailto:info@darmstadt.ihk.de\" class=\"w-text-h\"><span class=\"w-text-value\">info@darmstadt.ihk.de<\/span><\/a><\/div><\/div><\/div><\/div><\/div><\/div><\/section><section class=\"l-section wpb_row us_custom_6eb33613 hide_on_default hide_on_laptops height_small width_custom type_sticky\" style=\"--site-content-width:1330px;\"><div class=\"l-section-h i-cf\"><div class=\"g-cols vc_row via_grid cols_1 laptops-cols_inherit tablets-cols_inherit mobiles-cols_1 valign_middle type_default stacking_default\"><div class=\"wpb_column vc_column_container\"><div class=\"vc_column-inner\"><nav class=\"w-menu us_custom_a013c178 has_text_color layout_ver style_blocks us_menu_2\" style=\"--main-gap:0.3rem;--main-ver-indent:0.1em;--main-hor-indent:0.8em;--main-bg-color:var(--color-header-transparent-bg);--main-color:var(--color-secondary);--main-hover-bg-color:var(--color-header-transparent-bg);--main-hover-color:var(--color-background);\"><ul id=\"menu-submenue-informationen-1\" class=\"menu\"><li class=\"menu-item menu-item-type-post_type menu-item-object-post menu-item-1240\"><a href=\"https:\/\/start-rhein-neckar.com\/businessplan-business-model-canvas\/\">Businessplan &#038; Business Model Canvas<\/a><\/li><li class=\"menu-item menu-item-type-post_type menu-item-object-post menu-item-1241\"><a href=\"https:\/\/start-rhein-neckar.com\/gruendungsform-rechtliches\/\">Gr\u00fcndungsform &#038; Rechtliches<\/a><\/li><li class=\"menu-item menu-item-type-post_type menu-item-object-post menu-item-1242\"><a href=\"https:\/\/start-rhein-neckar.com\/finanzierung-und-foerderung\/\">Finanzierung &#038; F\u00f6rderung<\/a><\/li><li class=\"menu-item menu-item-type-post_type menu-item-object-post menu-item-1243\"><a href=\"https:\/\/start-rhein-neckar.com\/marketin-und-vertrieb\/\">Marketing &#038; Vertrieb<\/a><\/li><li class=\"menu-item menu-item-type-post_type menu-item-object-post menu-item-1244\"><a href=\"https:\/\/start-rhein-neckar.com\/steuern-und-versicherung\/\">Steuern &#038; Versicherung<\/a><\/li><li class=\"menu-item menu-item-type-post_type menu-item-object-post menu-item-1245\"><a href=\"https:\/\/start-rhein-neckar.com\/unternehmensnachfolge\/\">Unternehmensnachfolge<\/a><\/li><li class=\"menu-item menu-item-type-post_type menu-item-object-post menu-item-1246\"><a href=\"https:\/\/start-rhein-neckar.com\/freie-berufe\/\">Freie Berufe<\/a><\/li><li class=\"menu-item menu-item-type-post_type menu-item-object-post menu-item-1247\"><a href=\"https:\/\/start-rhein-neckar.com\/zukunftsbranche\/\">Zukunftsbranche<\/a><\/li><\/ul><style>@media ( max-width:600px ){.us_menu_2 .menu{display:block!important}.us_menu_2 .menu>li{margin:0 0 var(--main-gap,0.3rem)!important}}<\/style><\/nav><\/div><\/div><\/div><\/div><\/section><section class=\"l-section wpb_row height_large\"><div class=\"l-section-h i-cf\"><div class=\"g-cols vc_row via_grid cols_1 laptops-cols_inherit tablets-cols_inherit mobiles-cols_1 valign_top type_default stacking_default\"><div class=\"wpb_column vc_column_container\"><div class=\"vc_column-inner\"><section class=\"l-section wpb_row height_auto\"><div class=\"l-section-h i-cf\"><div class=\"g-cols vc_row via_grid cols_2 laptops-cols_inherit tablets-cols_inherit mobiles-cols_1 valign_middle type_default stacking_default\" style=\"--columns-gap:0rem;\"><div class=\"wpb_column vc_column_container us_custom_9d63f02b has_bg_color\"><div class=\"vc_column-overlay\" style=\"background:rgba(15,15,15,0.01)\"><\/div><div class=\"vc_column-inner\"><div class=\"w-separator size_medium\"><\/div><div class=\"w-separator size_medium\"><\/div><\/div><\/div><div class=\"wpb_column vc_column_container us_custom_72119110 has_bg_color\"><div class=\"vc_column-overlay\" style=\"background:linear-gradient(220deg, #f1cb2d 8%,rgba(31,53,79,0.49) 57%,#1f354f 100%)\"><\/div><div class=\"vc_column-inner\"><div class=\"w-separator size_custom\" style=\"height:15px\"><\/div><div class=\"w-separator size_custom\" style=\"height:15px\"><\/div><div class=\"w-separator size_custom\" style=\"height:15px\"><\/div><h2 class=\"w-text us_custom_9ad16fb4 has_text_color\"><span class=\"w-text-h\"><span class=\"w-text-value\">Ein Abend  <br \/>5 Stunden<\/br><\/span><\/span><\/h2><div class=\"wpb_text_column\"><div class=\"wpb_wrapper\"><h4><span style=\"color: #ffffff;\">Wir laden dich zu unserem kostenfreien Gr\u00fcndungsevent in der Metropolregion Rhein-Neckar ein.<\/span><\/h4>\n<\/div><\/div><div class=\"w-separator size_small\"><\/div><div class=\"w-btn-wrapper align_left\"><a class=\"w-btn us-btn-style_5\" href=\"https:\/\/start-rhein-neckar.com\/event\/\"><span class=\"w-btn-label\">zum Event<\/span><\/a><\/div><\/div><\/div><\/div><\/div><\/section>\n<\/div><\/div><\/div><\/div><\/section>\n","protected":false},"excerpt":{"rendered":"<p>Steuern &#038; Versicherung einfach erkl\u00e4rt: Alles, was Gr\u00fcnder:innen \u00fcber Steuerpflicht, Buchhaltung und wichtige Versicherungen f\u00fcr die Selbstst\u00e4ndigkeit wissen m\u00fcssen.<\/p>\n","protected":false},"author":6,"featured_media":972,"comment_status":"closed","ping_status":"closed","sticky":false,"template":"","format":"standard","meta":{"footnotes":""},"categories":[10],"tags":[118,119,120,121],"class_list":["post-959","post","type-post","status-publish","format-standard","has-post-thumbnail","hentry","category-information","tag-steuern-versicherung","tag-steuern-fuer-gruenderinnen","tag-steuerpflicht-selbststaendigkeit","tag-versicherung-selbststaendige"],"yoast_head":"<!-- This site is optimized with the Yoast SEO plugin v27.5 - https:\/\/yoast.com\/product\/yoast-seo-wordpress\/ -->\n<title>Steuern &amp; Versicherung f\u00fcr Gr\u00fcnder:innen<\/title>\n<meta name=\"description\" content=\"Steuern &amp; Versicherung: Was Gr\u00fcnder:innen wissen m\u00fcssen \u2013 von Steuerpflicht und Buchhaltung bis zu wichtigen Versicherungen f\u00fcr die Selbstst\u00e4ndigkeit in Rhein-Neckar.\" \/>\n<meta name=\"robots\" content=\"index, follow, max-snippet:-1, max-image-preview:large, max-video-preview:-1\" \/>\n<link rel=\"canonical\" href=\"https:\/\/start-rhein-neckar.com\/steuern-und-versicherung\/\" \/>\n<meta property=\"og:locale\" content=\"de_DE\" \/>\n<meta property=\"og:type\" content=\"article\" \/>\n<meta property=\"og:title\" content=\"Steuern &amp; Versicherung f\u00fcr Gr\u00fcnder:innen\" \/>\n<meta property=\"og:description\" content=\"Steuern &amp; Versicherung: Was Gr\u00fcnder:innen wissen m\u00fcssen \u2013 von Steuerpflicht und Buchhaltung bis zu wichtigen Versicherungen f\u00fcr die Selbstst\u00e4ndigkeit in Rhein-Neckar.\" \/>\n<meta property=\"og:url\" content=\"https:\/\/start-rhein-neckar.com\/steuern-und-versicherung\/\" \/>\n<meta property=\"og:site_name\" content=\"Start Rhein-Neckar\" \/>\n<meta property=\"article:published_time\" content=\"2025-07-17T07:50:33+00:00\" \/>\n<meta property=\"article:modified_time\" content=\"2025-11-20T08:16:08+00:00\" \/>\n<meta property=\"og:image\" content=\"https:\/\/start-rhein-neckar.com\/wp-content\/uploads\/2025\/07\/start-rhein-neckar-steuerung-und-versicherung-01.jpg\" \/>\n\t<meta property=\"og:image:width\" content=\"1440\" \/>\n\t<meta property=\"og:image:height\" content=\"810\" \/>\n\t<meta property=\"og:image:type\" content=\"image\/jpeg\" \/>\n<meta name=\"author\" content=\"Alyssa Kafka\" \/>\n<meta name=\"twitter:card\" content=\"summary_large_image\" \/>\n<meta name=\"twitter:label1\" content=\"Verfasst von\" \/>\n\t<meta name=\"twitter:data1\" content=\"Alyssa Kafka\" \/>\n\t<meta name=\"twitter:label2\" content=\"Gesch\u00e4tzte Lesezeit\" \/>\n\t<meta name=\"twitter:data2\" content=\"7\u00a0Minuten\" \/>\n<script type=\"application\/ld+json\" class=\"yoast-schema-graph\">{\"@context\":\"https:\\\/\\\/schema.org\",\"@graph\":[{\"@type\":\"Article\",\"@id\":\"https:\\\/\\\/start-rhein-neckar.com\\\/steuern-und-versicherung\\\/#article\",\"isPartOf\":{\"@id\":\"https:\\\/\\\/start-rhein-neckar.com\\\/steuern-und-versicherung\\\/\"},\"author\":{\"name\":\"Alyssa Kafka\",\"@id\":\"https:\\\/\\\/start-rhein-neckar.com\\\/#\\\/schema\\\/person\\\/5d6e990974d91caf6a000683ed730212\"},\"headline\":\"Steuern &#038; Versicherung\",\"datePublished\":\"2025-07-17T07:50:33+00:00\",\"dateModified\":\"2025-11-20T08:16:08+00:00\",\"mainEntityOfPage\":{\"@id\":\"https:\\\/\\\/start-rhein-neckar.com\\\/steuern-und-versicherung\\\/\"},\"wordCount\":4193,\"publisher\":{\"@id\":\"https:\\\/\\\/start-rhein-neckar.com\\\/#organization\"},\"image\":{\"@id\":\"https:\\\/\\\/start-rhein-neckar.com\\\/steuern-und-versicherung\\\/#primaryimage\"},\"thumbnailUrl\":\"https:\\\/\\\/start-rhein-neckar.com\\\/wp-content\\\/uploads\\\/2025\\\/07\\\/start-rhein-neckar-steuerung-und-versicherung-01.jpg\",\"keywords\":[\"Steuern &amp; Versicherung\",\"Steuern f\u00fcr Gr\u00fcnder:innen\",\"Steuerpflicht Selbstst\u00e4ndigkeit\",\"Versicherung Selbstst\u00e4ndige\"],\"articleSection\":[\"Information\"],\"inLanguage\":\"de\"},{\"@type\":\"WebPage\",\"@id\":\"https:\\\/\\\/start-rhein-neckar.com\\\/steuern-und-versicherung\\\/\",\"url\":\"https:\\\/\\\/start-rhein-neckar.com\\\/steuern-und-versicherung\\\/\",\"name\":\"Steuern & Versicherung f\u00fcr Gr\u00fcnder:innen\",\"isPartOf\":{\"@id\":\"https:\\\/\\\/start-rhein-neckar.com\\\/#website\"},\"primaryImageOfPage\":{\"@id\":\"https:\\\/\\\/start-rhein-neckar.com\\\/steuern-und-versicherung\\\/#primaryimage\"},\"image\":{\"@id\":\"https:\\\/\\\/start-rhein-neckar.com\\\/steuern-und-versicherung\\\/#primaryimage\"},\"thumbnailUrl\":\"https:\\\/\\\/start-rhein-neckar.com\\\/wp-content\\\/uploads\\\/2025\\\/07\\\/start-rhein-neckar-steuerung-und-versicherung-01.jpg\",\"datePublished\":\"2025-07-17T07:50:33+00:00\",\"dateModified\":\"2025-11-20T08:16:08+00:00\",\"description\":\"Steuern & Versicherung: Was Gr\u00fcnder:innen wissen m\u00fcssen \u2013 von Steuerpflicht und Buchhaltung bis zu wichtigen Versicherungen f\u00fcr die Selbstst\u00e4ndigkeit in Rhein-Neckar.\",\"breadcrumb\":{\"@id\":\"https:\\\/\\\/start-rhein-neckar.com\\\/steuern-und-versicherung\\\/#breadcrumb\"},\"inLanguage\":\"de\",\"potentialAction\":[{\"@type\":\"ReadAction\",\"target\":[\"https:\\\/\\\/start-rhein-neckar.com\\\/steuern-und-versicherung\\\/\"]}]},{\"@type\":\"ImageObject\",\"inLanguage\":\"de\",\"@id\":\"https:\\\/\\\/start-rhein-neckar.com\\\/steuern-und-versicherung\\\/#primaryimage\",\"url\":\"https:\\\/\\\/start-rhein-neckar.com\\\/wp-content\\\/uploads\\\/2025\\\/07\\\/start-rhein-neckar-steuerung-und-versicherung-01.jpg\",\"contentUrl\":\"https:\\\/\\\/start-rhein-neckar.com\\\/wp-content\\\/uploads\\\/2025\\\/07\\\/start-rhein-neckar-steuerung-und-versicherung-01.jpg\",\"width\":1440,\"height\":810},{\"@type\":\"BreadcrumbList\",\"@id\":\"https:\\\/\\\/start-rhein-neckar.com\\\/steuern-und-versicherung\\\/#breadcrumb\",\"itemListElement\":[{\"@type\":\"ListItem\",\"position\":1,\"name\":\"Startseite\",\"item\":\"https:\\\/\\\/start-rhein-neckar.com\\\/\"},{\"@type\":\"ListItem\",\"position\":2,\"name\":\"Steuern &#038; Versicherung\"}]},{\"@type\":\"WebSite\",\"@id\":\"https:\\\/\\\/start-rhein-neckar.com\\\/#website\",\"url\":\"https:\\\/\\\/start-rhein-neckar.com\\\/\",\"name\":\"Start Rhein-Neckar\",\"description\":\"\",\"publisher\":{\"@id\":\"https:\\\/\\\/start-rhein-neckar.com\\\/#organization\"},\"potentialAction\":[{\"@type\":\"SearchAction\",\"target\":{\"@type\":\"EntryPoint\",\"urlTemplate\":\"https:\\\/\\\/start-rhein-neckar.com\\\/?s={search_term_string}\"},\"query-input\":{\"@type\":\"PropertyValueSpecification\",\"valueRequired\":true,\"valueName\":\"search_term_string\"}}],\"inLanguage\":\"de\"},{\"@type\":\"Organization\",\"@id\":\"https:\\\/\\\/start-rhein-neckar.com\\\/#organization\",\"name\":\"Start Rhein-Neckar\",\"url\":\"https:\\\/\\\/start-rhein-neckar.com\\\/\",\"logo\":{\"@type\":\"ImageObject\",\"inLanguage\":\"de\",\"@id\":\"https:\\\/\\\/start-rhein-neckar.com\\\/#\\\/schema\\\/logo\\\/image\\\/\",\"url\":\"https:\\\/\\\/start-rhein-neckar.com\\\/wp-content\\\/uploads\\\/2025\\\/11\\\/start-rhein-neckar-favicon.png\",\"contentUrl\":\"https:\\\/\\\/start-rhein-neckar.com\\\/wp-content\\\/uploads\\\/2025\\\/11\\\/start-rhein-neckar-favicon.png\",\"width\":512,\"height\":512,\"caption\":\"Start Rhein-Neckar\"},\"image\":{\"@id\":\"https:\\\/\\\/start-rhein-neckar.com\\\/#\\\/schema\\\/logo\\\/image\\\/\"}},{\"@type\":\"Person\",\"@id\":\"https:\\\/\\\/start-rhein-neckar.com\\\/#\\\/schema\\\/person\\\/5d6e990974d91caf6a000683ed730212\",\"name\":\"Alyssa Kafka\",\"url\":\"https:\\\/\\\/start-rhein-neckar.com\\\/author\\\/alyssa\\\/\"}]}<\/script>\n<!-- \/ Yoast SEO plugin. -->","yoast_head_json":{"title":"Steuern & Versicherung f\u00fcr Gr\u00fcnder:innen","description":"Steuern & Versicherung: Was Gr\u00fcnder:innen wissen m\u00fcssen \u2013 von Steuerpflicht und Buchhaltung bis zu wichtigen Versicherungen f\u00fcr die Selbstst\u00e4ndigkeit in Rhein-Neckar.","robots":{"index":"index","follow":"follow","max-snippet":"max-snippet:-1","max-image-preview":"max-image-preview:large","max-video-preview":"max-video-preview:-1"},"canonical":"https:\/\/start-rhein-neckar.com\/steuern-und-versicherung\/","og_locale":"de_DE","og_type":"article","og_title":"Steuern & Versicherung f\u00fcr Gr\u00fcnder:innen","og_description":"Steuern & Versicherung: Was Gr\u00fcnder:innen wissen m\u00fcssen \u2013 von Steuerpflicht und Buchhaltung bis zu wichtigen Versicherungen f\u00fcr die Selbstst\u00e4ndigkeit in Rhein-Neckar.","og_url":"https:\/\/start-rhein-neckar.com\/steuern-und-versicherung\/","og_site_name":"Start Rhein-Neckar","article_published_time":"2025-07-17T07:50:33+00:00","article_modified_time":"2025-11-20T08:16:08+00:00","og_image":[{"width":1440,"height":810,"url":"https:\/\/start-rhein-neckar.com\/wp-content\/uploads\/2025\/07\/start-rhein-neckar-steuerung-und-versicherung-01.jpg","type":"image\/jpeg"}],"author":"Alyssa Kafka","twitter_card":"summary_large_image","twitter_misc":{"Verfasst von":"Alyssa Kafka","Gesch\u00e4tzte Lesezeit":"7\u00a0Minuten"},"schema":{"@context":"https:\/\/schema.org","@graph":[{"@type":"Article","@id":"https:\/\/start-rhein-neckar.com\/steuern-und-versicherung\/#article","isPartOf":{"@id":"https:\/\/start-rhein-neckar.com\/steuern-und-versicherung\/"},"author":{"name":"Alyssa Kafka","@id":"https:\/\/start-rhein-neckar.com\/#\/schema\/person\/5d6e990974d91caf6a000683ed730212"},"headline":"Steuern &#038; Versicherung","datePublished":"2025-07-17T07:50:33+00:00","dateModified":"2025-11-20T08:16:08+00:00","mainEntityOfPage":{"@id":"https:\/\/start-rhein-neckar.com\/steuern-und-versicherung\/"},"wordCount":4193,"publisher":{"@id":"https:\/\/start-rhein-neckar.com\/#organization"},"image":{"@id":"https:\/\/start-rhein-neckar.com\/steuern-und-versicherung\/#primaryimage"},"thumbnailUrl":"https:\/\/start-rhein-neckar.com\/wp-content\/uploads\/2025\/07\/start-rhein-neckar-steuerung-und-versicherung-01.jpg","keywords":["Steuern &amp; Versicherung","Steuern f\u00fcr Gr\u00fcnder:innen","Steuerpflicht Selbstst\u00e4ndigkeit","Versicherung Selbstst\u00e4ndige"],"articleSection":["Information"],"inLanguage":"de"},{"@type":"WebPage","@id":"https:\/\/start-rhein-neckar.com\/steuern-und-versicherung\/","url":"https:\/\/start-rhein-neckar.com\/steuern-und-versicherung\/","name":"Steuern & Versicherung f\u00fcr Gr\u00fcnder:innen","isPartOf":{"@id":"https:\/\/start-rhein-neckar.com\/#website"},"primaryImageOfPage":{"@id":"https:\/\/start-rhein-neckar.com\/steuern-und-versicherung\/#primaryimage"},"image":{"@id":"https:\/\/start-rhein-neckar.com\/steuern-und-versicherung\/#primaryimage"},"thumbnailUrl":"https:\/\/start-rhein-neckar.com\/wp-content\/uploads\/2025\/07\/start-rhein-neckar-steuerung-und-versicherung-01.jpg","datePublished":"2025-07-17T07:50:33+00:00","dateModified":"2025-11-20T08:16:08+00:00","description":"Steuern & Versicherung: Was Gr\u00fcnder:innen wissen m\u00fcssen \u2013 von Steuerpflicht und Buchhaltung bis zu wichtigen Versicherungen f\u00fcr die Selbstst\u00e4ndigkeit in Rhein-Neckar.","breadcrumb":{"@id":"https:\/\/start-rhein-neckar.com\/steuern-und-versicherung\/#breadcrumb"},"inLanguage":"de","potentialAction":[{"@type":"ReadAction","target":["https:\/\/start-rhein-neckar.com\/steuern-und-versicherung\/"]}]},{"@type":"ImageObject","inLanguage":"de","@id":"https:\/\/start-rhein-neckar.com\/steuern-und-versicherung\/#primaryimage","url":"https:\/\/start-rhein-neckar.com\/wp-content\/uploads\/2025\/07\/start-rhein-neckar-steuerung-und-versicherung-01.jpg","contentUrl":"https:\/\/start-rhein-neckar.com\/wp-content\/uploads\/2025\/07\/start-rhein-neckar-steuerung-und-versicherung-01.jpg","width":1440,"height":810},{"@type":"BreadcrumbList","@id":"https:\/\/start-rhein-neckar.com\/steuern-und-versicherung\/#breadcrumb","itemListElement":[{"@type":"ListItem","position":1,"name":"Startseite","item":"https:\/\/start-rhein-neckar.com\/"},{"@type":"ListItem","position":2,"name":"Steuern &#038; Versicherung"}]},{"@type":"WebSite","@id":"https:\/\/start-rhein-neckar.com\/#website","url":"https:\/\/start-rhein-neckar.com\/","name":"Start Rhein-Neckar","description":"","publisher":{"@id":"https:\/\/start-rhein-neckar.com\/#organization"},"potentialAction":[{"@type":"SearchAction","target":{"@type":"EntryPoint","urlTemplate":"https:\/\/start-rhein-neckar.com\/?s={search_term_string}"},"query-input":{"@type":"PropertyValueSpecification","valueRequired":true,"valueName":"search_term_string"}}],"inLanguage":"de"},{"@type":"Organization","@id":"https:\/\/start-rhein-neckar.com\/#organization","name":"Start Rhein-Neckar","url":"https:\/\/start-rhein-neckar.com\/","logo":{"@type":"ImageObject","inLanguage":"de","@id":"https:\/\/start-rhein-neckar.com\/#\/schema\/logo\/image\/","url":"https:\/\/start-rhein-neckar.com\/wp-content\/uploads\/2025\/11\/start-rhein-neckar-favicon.png","contentUrl":"https:\/\/start-rhein-neckar.com\/wp-content\/uploads\/2025\/11\/start-rhein-neckar-favicon.png","width":512,"height":512,"caption":"Start Rhein-Neckar"},"image":{"@id":"https:\/\/start-rhein-neckar.com\/#\/schema\/logo\/image\/"}},{"@type":"Person","@id":"https:\/\/start-rhein-neckar.com\/#\/schema\/person\/5d6e990974d91caf6a000683ed730212","name":"Alyssa Kafka","url":"https:\/\/start-rhein-neckar.com\/author\/alyssa\/"}]}},"_links":{"self":[{"href":"https:\/\/start-rhein-neckar.com\/startrn-api\/wp\/v2\/posts\/959","targetHints":{"allow":["GET"]}}],"collection":[{"href":"https:\/\/start-rhein-neckar.com\/startrn-api\/wp\/v2\/posts"}],"about":[{"href":"https:\/\/start-rhein-neckar.com\/startrn-api\/wp\/v2\/types\/post"}],"author":[{"embeddable":true,"href":"https:\/\/start-rhein-neckar.com\/startrn-api\/wp\/v2\/users\/6"}],"replies":[{"embeddable":true,"href":"https:\/\/start-rhein-neckar.com\/startrn-api\/wp\/v2\/comments?post=959"}],"version-history":[{"count":60,"href":"https:\/\/start-rhein-neckar.com\/startrn-api\/wp\/v2\/posts\/959\/revisions"}],"predecessor-version":[{"id":2335,"href":"https:\/\/start-rhein-neckar.com\/startrn-api\/wp\/v2\/posts\/959\/revisions\/2335"}],"wp:featuredmedia":[{"embeddable":true,"href":"https:\/\/start-rhein-neckar.com\/startrn-api\/wp\/v2\/media\/972"}],"wp:attachment":[{"href":"https:\/\/start-rhein-neckar.com\/startrn-api\/wp\/v2\/media?parent=959"}],"wp:term":[{"taxonomy":"category","embeddable":true,"href":"https:\/\/start-rhein-neckar.com\/startrn-api\/wp\/v2\/categories?post=959"},{"taxonomy":"post_tag","embeddable":true,"href":"https:\/\/start-rhein-neckar.com\/startrn-api\/wp\/v2\/tags?post=959"}],"curies":[{"name":"wp","href":"https:\/\/api.w.org\/{rel}","templated":true}]}}